{"id":1922,"date":"2017-12-20T14:00:05","date_gmt":"2017-12-20T13:00:05","guid":{"rendered":"https:\/\/www.steuerpraxis.net\/?p=1922"},"modified":"2017-10-25T08:11:27","modified_gmt":"2017-10-25T06:11:27","slug":"einheits-gmbh-co-kg-wann-liegt-eine-gewerbliche-praegung-vor","status":"publish","type":"post","link":"https:\/\/www.steuerpraxis.net\/de\/2017\/12\/20\/einheits-gmbh-co-kg-wann-liegt-eine-gewerbliche-praegung-vor\/","title":{"rendered":"Einheits-GmbH &#038; Co. KG: Wann liegt eine gewerbliche Pr\u00e4gung vor?"},"content":{"rendered":"<h4>Nehmen die Kommanditisten die Rechte an der Komplement\u00e4r-GmbH wahr, steht dies einer gewerblichen Pr\u00e4gung nicht entgegen.<\/h4>\n<h4>Hintergrund<\/h4>\n<p>Die Komplement\u00e4r-GmbH war nach dem Gesellschaftsvertrag zur Gesch\u00e4ftsf\u00fchrung berechtigt und verpflichtet. Die Kommanditisten wurden alleinige Gesellschafter der GmbH und \u00fcbertrugen ihre GmbH-Anteile auf die KG. Nach den im Gesellschaftsvertrag getroffenen Sonderregelungen \u00fcber die &#8222;Wahrnehmung der Rechte an der Komplement\u00e4rin (Einheitsgesellschaft)&#8220; \u00fcbten die Kommanditisten ihre Gesellschaftsrechte an der Komplement\u00e4rin durch Beschlussfassung \u00fcber die jeweilige Ma\u00dfnahme aus. Die Eintragungen in das Handelsregister erfolgten am 5.2.2008.<\/p>\n<p>Das Finanzamt war der Auffassung, dass ab 5.2.2008 bei der KG die Voraussetzungen einer gewerblichen Pr\u00e4gung nicht mehr erf\u00fcllt waren. Denn nunmehr waren auch die Kommanditisten gesch\u00e4ftsf\u00fchrungsbefugt. Dies f\u00fchrte mit Wirkung vom 5.2.2008 zu einer Betriebsaufgabe. Dementsprechend erfasste das Finanzamt einen Aufgabegewinn hinsichtlich des Immobilienbesitzes und die folgenden Eink\u00fcnfte als Eink\u00fcnfte aus Vermietung und Verpachtung.<\/p>\n<p>Das Finanzgericht gab den Kl\u00e4gern Recht und \u00e4nderte die Feststellungsbescheide, sodass Eink\u00fcnfte aus Gewerbebetrieb festgestellt wurden.<\/p>\n<h4>Entscheidung<\/h4>\n<p>Vor dem Bundesfinanzhof hatte das Finanzgerichtsurteil Bestand, denn die Revision des Finanzamts wurde zur\u00fcckgewiesen.<\/p>\n<p>Auch bei der &#8222;Einheits-GmbH &amp; Co. KG&#8220; existieren 2 rechtlich selbstst\u00e4ndige Gesellschaften mit 2 getrennten Rechtssph\u00e4ren. Bei der &#8222;Einheits-GmbH &amp; Co. KG&#8220; ist allerdings die KG als Alleingesellschafterin der GmbH f\u00fcr deren Willensbildung zust\u00e4ndig. Die KG wird in der Gesellschafterversammlung der Komplement\u00e4r-GmbH von der Komplement\u00e4r-GmbH, diese wiederum von ihren Gesch\u00e4ftsf\u00fchrern, vertreten. Dies kann zu Interessenkollisionen bei der Willensbildung in der Komplement\u00e4r-GmbH f\u00fchren. Der Vermeidung dieses Interessenkonflikts dient die im Gesellschaftsvertrag getroffene Regelung. Damit wird aber nicht die Pr\u00e4gewirkung der Komplement\u00e4r-GmbH beseitigt. Entscheidender Gesichtspunkt f\u00fcr die Pr\u00e4gung ist vielmehr, dass die Kapitalgesellschaft die eigentliche Unternehmenst\u00e4tigkeit auf der Ebene der KG aus\u00fcbt. Das trifft auch bei einer &#8222;Einheits-GmbH &amp; Co. KG&#8220; zu, bei der den Kommanditisten die Gesch\u00e4ftsf\u00fchrungsbefugnis nur beschr\u00e4nkt auf den Bereich der Aus\u00fcbung der Gesellschaftsrechte aus oder an den von der KG gehaltenen Gesch\u00e4ftsanteilen an der Komplement\u00e4r-GmbH \u00fcbertragen wird. Die den Kommanditisten einger\u00e4umten Befugnisse betreffen unmittelbar nur den Rechtskreis der Komplement\u00e4r-GmbH. Die Aus\u00fcbung der eigentlichen Unternehmenst\u00e4tigkeit auf Ebene der KG bleibt ausschlie\u00dflich bei der Komplement\u00e4r-GmbH.<\/p>\n","protected":false},"excerpt":{"rendered":"<p>Nehmen die Kommanditisten die Rechte an der Komplement\u00e4r-GmbH wahr, steht dies einer gewerblichen Pr\u00e4gung nicht entgegen. Hintergrund Die Komplement\u00e4r-GmbH war nach dem Gesellschaftsvertrag zur Gesch\u00e4ftsf\u00fchrung berechtigt und verpflichtet. Die Kommanditisten wurden alleinige Gesellschafter der GmbH und \u00fcbertrugen ihre GmbH-Anteile auf die KG. Nach den im Gesellschaftsvertrag getroffenen Sonderregelungen \u00fcber die &#8222;Wahrnehmung der Rechte an der [&hellip;]<\/p>\n","protected":false},"author":2,"featured_media":0,"comment_status":"closed","ping_status":"closed","sticky":false,"template":"","format":"standard","meta":{"_acf_changed":false,"footnotes":""},"categories":[1],"tags":[],"class_list":["post-1922","post","type-post","status-publish","format-standard","hentry","category-unkategorisiert"],"acf":[],"yoast_head":"<!-- This site is optimized with the Yoast SEO plugin v27.5 - https:\/\/yoast.com\/product\/yoast-seo-wordpress\/ -->\n<title>Einheits-GmbH &amp; Co. KG: Wann liegt eine gewerbliche Pr\u00e4gung vor? - Dr. Schmidt-Wilke + Partner Steuerberatungsgesellschaft mbH<\/title>\n<meta name=\"robots\" content=\"index, follow, max-snippet:-1, max-image-preview:large, max-video-preview:-1\" \/>\n<link rel=\"canonical\" href=\"https:\/\/www.steuerpraxis.net\/de\/2017\/12\/20\/einheits-gmbh-co-kg-wann-liegt-eine-gewerbliche-praegung-vor\/\" \/>\n<meta property=\"og:locale\" content=\"de_DE\" \/>\n<meta property=\"og:type\" content=\"article\" \/>\n<meta property=\"og:title\" content=\"Einheits-GmbH &amp; Co. KG: Wann liegt eine gewerbliche Pr\u00e4gung vor? - Dr. Schmidt-Wilke + Partner Steuerberatungsgesellschaft mbH\" \/>\n<meta property=\"og:description\" content=\"Nehmen die Kommanditisten die Rechte an der Komplement\u00e4r-GmbH wahr, steht dies einer gewerblichen Pr\u00e4gung nicht entgegen. Hintergrund Die Komplement\u00e4r-GmbH war nach dem Gesellschaftsvertrag zur Gesch\u00e4ftsf\u00fchrung berechtigt und verpflichtet. Die Kommanditisten wurden alleinige Gesellschafter der GmbH und \u00fcbertrugen ihre GmbH-Anteile auf die KG. Nach den im Gesellschaftsvertrag getroffenen Sonderregelungen \u00fcber die &#8222;Wahrnehmung der Rechte an der [&hellip;]\" \/>\n<meta property=\"og:url\" content=\"https:\/\/www.steuerpraxis.net\/de\/2017\/12\/20\/einheits-gmbh-co-kg-wann-liegt-eine-gewerbliche-praegung-vor\/\" \/>\n<meta property=\"og:site_name\" content=\"Dr. Schmidt-Wilke + Partner Steuerberatungsgesellschaft mbH\" \/>\n<meta property=\"article:published_time\" content=\"2017-12-20T13:00:05+00:00\" \/>\n<meta name=\"author\" content=\"swup\" \/>\n<meta name=\"twitter:card\" content=\"summary_large_image\" \/>\n<meta name=\"twitter:label1\" content=\"Verfasst von\" \/>\n\t<meta name=\"twitter:data1\" content=\"swup\" \/>\n\t<meta name=\"twitter:label2\" content=\"Gesch\u00e4tzte Lesezeit\" \/>\n\t<meta name=\"twitter:data2\" content=\"2\u00a0Minuten\" \/>\n<script type=\"application\/ld+json\" class=\"yoast-schema-graph\">{\"@context\":\"https:\\\/\\\/schema.org\",\"@graph\":[{\"@type\":\"Article\",\"@id\":\"https:\\\/\\\/www.steuerpraxis.net\\\/de\\\/2017\\\/12\\\/20\\\/einheits-gmbh-co-kg-wann-liegt-eine-gewerbliche-praegung-vor\\\/#article\",\"isPartOf\":{\"@id\":\"https:\\\/\\\/www.steuerpraxis.net\\\/de\\\/2017\\\/12\\\/20\\\/einheits-gmbh-co-kg-wann-liegt-eine-gewerbliche-praegung-vor\\\/\"},\"author\":{\"name\":\"swup\",\"@id\":\"https:\\\/\\\/www.steuerpraxis.net\\\/de\\\/#\\\/schema\\\/person\\\/b66f3632142fb2aedf2baed002b070bc\"},\"headline\":\"Einheits-GmbH &#038; Co. KG: Wann liegt eine gewerbliche Pr\u00e4gung vor?\",\"datePublished\":\"2017-12-20T13:00:05+00:00\",\"mainEntityOfPage\":{\"@id\":\"https:\\\/\\\/www.steuerpraxis.net\\\/de\\\/2017\\\/12\\\/20\\\/einheits-gmbh-co-kg-wann-liegt-eine-gewerbliche-praegung-vor\\\/\"},\"wordCount\":382,\"articleSection\":[\"Unkategorisiert\"],\"inLanguage\":\"de\"},{\"@type\":\"WebPage\",\"@id\":\"https:\\\/\\\/www.steuerpraxis.net\\\/de\\\/2017\\\/12\\\/20\\\/einheits-gmbh-co-kg-wann-liegt-eine-gewerbliche-praegung-vor\\\/\",\"url\":\"https:\\\/\\\/www.steuerpraxis.net\\\/de\\\/2017\\\/12\\\/20\\\/einheits-gmbh-co-kg-wann-liegt-eine-gewerbliche-praegung-vor\\\/\",\"name\":\"Einheits-GmbH & Co. KG: Wann liegt eine gewerbliche Pr\u00e4gung vor? - Dr. Schmidt-Wilke + Partner Steuerberatungsgesellschaft mbH\",\"isPartOf\":{\"@id\":\"https:\\\/\\\/www.steuerpraxis.net\\\/de\\\/#website\"},\"datePublished\":\"2017-12-20T13:00:05+00:00\",\"author\":{\"@id\":\"https:\\\/\\\/www.steuerpraxis.net\\\/de\\\/#\\\/schema\\\/person\\\/b66f3632142fb2aedf2baed002b070bc\"},\"breadcrumb\":{\"@id\":\"https:\\\/\\\/www.steuerpraxis.net\\\/de\\\/2017\\\/12\\\/20\\\/einheits-gmbh-co-kg-wann-liegt-eine-gewerbliche-praegung-vor\\\/#breadcrumb\"},\"inLanguage\":\"de\",\"potentialAction\":[{\"@type\":\"ReadAction\",\"target\":[\"https:\\\/\\\/www.steuerpraxis.net\\\/de\\\/2017\\\/12\\\/20\\\/einheits-gmbh-co-kg-wann-liegt-eine-gewerbliche-praegung-vor\\\/\"]}]},{\"@type\":\"BreadcrumbList\",\"@id\":\"https:\\\/\\\/www.steuerpraxis.net\\\/de\\\/2017\\\/12\\\/20\\\/einheits-gmbh-co-kg-wann-liegt-eine-gewerbliche-praegung-vor\\\/#breadcrumb\",\"itemListElement\":[{\"@type\":\"ListItem\",\"position\":1,\"name\":\"Startseite\",\"item\":\"https:\\\/\\\/www.steuerpraxis.net\\\/de\\\/\"},{\"@type\":\"ListItem\",\"position\":2,\"name\":\"Einheits-GmbH &#038; Co. KG: Wann liegt eine gewerbliche Pr\u00e4gung vor?\"}]},{\"@type\":\"WebSite\",\"@id\":\"https:\\\/\\\/www.steuerpraxis.net\\\/de\\\/#website\",\"url\":\"https:\\\/\\\/www.steuerpraxis.net\\\/de\\\/\",\"name\":\"Dr. Schmidt-Wilke + Partner Steuerberatungsgesellschaft mbH\",\"description\":\"Magdeburg\",\"potentialAction\":[{\"@type\":\"SearchAction\",\"target\":{\"@type\":\"EntryPoint\",\"urlTemplate\":\"https:\\\/\\\/www.steuerpraxis.net\\\/de\\\/?s={search_term_string}\"},\"query-input\":{\"@type\":\"PropertyValueSpecification\",\"valueRequired\":true,\"valueName\":\"search_term_string\"}}],\"inLanguage\":\"de\"},{\"@type\":\"Person\",\"@id\":\"https:\\\/\\\/www.steuerpraxis.net\\\/de\\\/#\\\/schema\\\/person\\\/b66f3632142fb2aedf2baed002b070bc\",\"name\":\"swup\",\"url\":\"https:\\\/\\\/www.steuerpraxis.net\\\/de\\\/author\\\/swup\\\/\"}]}<\/script>\n<!-- \/ Yoast SEO plugin. -->","yoast_head_json":{"title":"Einheits-GmbH & Co. KG: Wann liegt eine gewerbliche Pr\u00e4gung vor? - Dr. Schmidt-Wilke + Partner Steuerberatungsgesellschaft mbH","robots":{"index":"index","follow":"follow","max-snippet":"max-snippet:-1","max-image-preview":"max-image-preview:large","max-video-preview":"max-video-preview:-1"},"canonical":"https:\/\/www.steuerpraxis.net\/de\/2017\/12\/20\/einheits-gmbh-co-kg-wann-liegt-eine-gewerbliche-praegung-vor\/","og_locale":"de_DE","og_type":"article","og_title":"Einheits-GmbH & Co. KG: Wann liegt eine gewerbliche Pr\u00e4gung vor? - Dr. Schmidt-Wilke + Partner Steuerberatungsgesellschaft mbH","og_description":"Nehmen die Kommanditisten die Rechte an der Komplement\u00e4r-GmbH wahr, steht dies einer gewerblichen Pr\u00e4gung nicht entgegen. Hintergrund Die Komplement\u00e4r-GmbH war nach dem Gesellschaftsvertrag zur Gesch\u00e4ftsf\u00fchrung berechtigt und verpflichtet. Die Kommanditisten wurden alleinige Gesellschafter der GmbH und \u00fcbertrugen ihre GmbH-Anteile auf die KG. Nach den im Gesellschaftsvertrag getroffenen Sonderregelungen \u00fcber die &#8222;Wahrnehmung der Rechte an der [&hellip;]","og_url":"https:\/\/www.steuerpraxis.net\/de\/2017\/12\/20\/einheits-gmbh-co-kg-wann-liegt-eine-gewerbliche-praegung-vor\/","og_site_name":"Dr. Schmidt-Wilke + Partner Steuerberatungsgesellschaft mbH","article_published_time":"2017-12-20T13:00:05+00:00","author":"swup","twitter_card":"summary_large_image","twitter_misc":{"Verfasst von":"swup","Gesch\u00e4tzte Lesezeit":"2\u00a0Minuten"},"schema":{"@context":"https:\/\/schema.org","@graph":[{"@type":"Article","@id":"https:\/\/www.steuerpraxis.net\/de\/2017\/12\/20\/einheits-gmbh-co-kg-wann-liegt-eine-gewerbliche-praegung-vor\/#article","isPartOf":{"@id":"https:\/\/www.steuerpraxis.net\/de\/2017\/12\/20\/einheits-gmbh-co-kg-wann-liegt-eine-gewerbliche-praegung-vor\/"},"author":{"name":"swup","@id":"https:\/\/www.steuerpraxis.net\/de\/#\/schema\/person\/b66f3632142fb2aedf2baed002b070bc"},"headline":"Einheits-GmbH &#038; Co. KG: Wann liegt eine gewerbliche Pr\u00e4gung vor?","datePublished":"2017-12-20T13:00:05+00:00","mainEntityOfPage":{"@id":"https:\/\/www.steuerpraxis.net\/de\/2017\/12\/20\/einheits-gmbh-co-kg-wann-liegt-eine-gewerbliche-praegung-vor\/"},"wordCount":382,"articleSection":["Unkategorisiert"],"inLanguage":"de"},{"@type":"WebPage","@id":"https:\/\/www.steuerpraxis.net\/de\/2017\/12\/20\/einheits-gmbh-co-kg-wann-liegt-eine-gewerbliche-praegung-vor\/","url":"https:\/\/www.steuerpraxis.net\/de\/2017\/12\/20\/einheits-gmbh-co-kg-wann-liegt-eine-gewerbliche-praegung-vor\/","name":"Einheits-GmbH & Co. KG: Wann liegt eine gewerbliche Pr\u00e4gung vor? - Dr. Schmidt-Wilke + Partner Steuerberatungsgesellschaft mbH","isPartOf":{"@id":"https:\/\/www.steuerpraxis.net\/de\/#website"},"datePublished":"2017-12-20T13:00:05+00:00","author":{"@id":"https:\/\/www.steuerpraxis.net\/de\/#\/schema\/person\/b66f3632142fb2aedf2baed002b070bc"},"breadcrumb":{"@id":"https:\/\/www.steuerpraxis.net\/de\/2017\/12\/20\/einheits-gmbh-co-kg-wann-liegt-eine-gewerbliche-praegung-vor\/#breadcrumb"},"inLanguage":"de","potentialAction":[{"@type":"ReadAction","target":["https:\/\/www.steuerpraxis.net\/de\/2017\/12\/20\/einheits-gmbh-co-kg-wann-liegt-eine-gewerbliche-praegung-vor\/"]}]},{"@type":"BreadcrumbList","@id":"https:\/\/www.steuerpraxis.net\/de\/2017\/12\/20\/einheits-gmbh-co-kg-wann-liegt-eine-gewerbliche-praegung-vor\/#breadcrumb","itemListElement":[{"@type":"ListItem","position":1,"name":"Startseite","item":"https:\/\/www.steuerpraxis.net\/de\/"},{"@type":"ListItem","position":2,"name":"Einheits-GmbH &#038; Co. KG: Wann liegt eine gewerbliche Pr\u00e4gung vor?"}]},{"@type":"WebSite","@id":"https:\/\/www.steuerpraxis.net\/de\/#website","url":"https:\/\/www.steuerpraxis.net\/de\/","name":"Dr. Schmidt-Wilke + Partner Steuerberatungsgesellschaft mbH","description":"Magdeburg","potentialAction":[{"@type":"SearchAction","target":{"@type":"EntryPoint","urlTemplate":"https:\/\/www.steuerpraxis.net\/de\/?s={search_term_string}"},"query-input":{"@type":"PropertyValueSpecification","valueRequired":true,"valueName":"search_term_string"}}],"inLanguage":"de"},{"@type":"Person","@id":"https:\/\/www.steuerpraxis.net\/de\/#\/schema\/person\/b66f3632142fb2aedf2baed002b070bc","name":"swup","url":"https:\/\/www.steuerpraxis.net\/de\/author\/swup\/"}]}},"_links":{"self":[{"href":"https:\/\/www.steuerpraxis.net\/de\/wp-json\/wp\/v2\/posts\/1922","targetHints":{"allow":["GET"]}}],"collection":[{"href":"https:\/\/www.steuerpraxis.net\/de\/wp-json\/wp\/v2\/posts"}],"about":[{"href":"https:\/\/www.steuerpraxis.net\/de\/wp-json\/wp\/v2\/types\/post"}],"author":[{"embeddable":true,"href":"https:\/\/www.steuerpraxis.net\/de\/wp-json\/wp\/v2\/users\/2"}],"replies":[{"embeddable":true,"href":"https:\/\/www.steuerpraxis.net\/de\/wp-json\/wp\/v2\/comments?post=1922"}],"version-history":[{"count":1,"href":"https:\/\/www.steuerpraxis.net\/de\/wp-json\/wp\/v2\/posts\/1922\/revisions"}],"predecessor-version":[{"id":1923,"href":"https:\/\/www.steuerpraxis.net\/de\/wp-json\/wp\/v2\/posts\/1922\/revisions\/1923"}],"wp:attachment":[{"href":"https:\/\/www.steuerpraxis.net\/de\/wp-json\/wp\/v2\/media?parent=1922"}],"wp:term":[{"taxonomy":"category","embeddable":true,"href":"https:\/\/www.steuerpraxis.net\/de\/wp-json\/wp\/v2\/categories?post=1922"},{"taxonomy":"post_tag","embeddable":true,"href":"https:\/\/www.steuerpraxis.net\/de\/wp-json\/wp\/v2\/tags?post=1922"}],"curies":[{"name":"wp","href":"https:\/\/api.w.org\/{rel}","templated":true}]}}